{"id":971,"date":"2025-01-06T06:29:48","date_gmt":"2025-01-06T10:29:48","guid":{"rendered":"https:\/\/jms.com.bo\/mediamonitorbo\/2025\/01\/06\/ministerio-de-educacion-pide-denunciar-la-suba-de-pensiones-escolares\/"},"modified":"2025-01-06T06:29:48","modified_gmt":"2025-01-06T10:29:48","slug":"ministerio-de-educacion-pide-denunciar-la-suba-de-pensiones-escolares","status":"publish","type":"post","link":"https:\/\/jms.com.bo\/mediamonitorbo\/2025\/01\/06\/ministerio-de-educacion-pide-denunciar-la-suba-de-pensiones-escolares\/","title":{"rendered":"Ministerio de Educaci\u00f3n pide denunciar la suba de pensiones escolares"},"content":{"rendered":"<p>Los unidades educativas particulares tienen prohibido subir el precio de las pensiones escolares este 2025 y cualquier incumplimiento debe ser denunciado ante las direcciones departamentales y el Ministerio de Educaci\u00f3n, para aplicar las sanciones, inform\u00f3 la viceministra de Educaci\u00f3n Alternativa y Especial, Viviana Mamani.<br \/>\nDel 20 al 24 de enero se inscribir\u00e1 a los estudiantes y el 3 de febrero empezar\u00e1 las labores escolares. \u00ab\u00bfQui\u00e9nes tienen que inscribirse? El 21 y el 22 de enero tienen que inscribirse los estudiantes nuevos\u201d, explic\u00f3 respecto a la Resoluci\u00f3n Ministerial 001\/2025 que norma la gesti\u00f3n escolar en el sector p\u00fablico y privado.<br \/>\nEl ministro de Educaci\u00f3n, Omar Veliz, convoc\u00f3 a una reuni\u00f3n a la dirigencia de la Asociaci\u00f3n Nacional de Colegios Privados (Andecop), para tratar el tema del incremento de pensiones, que en esta gesti\u00f3n qued\u00f3 prohibida.<br \/>\n\u201cSe establecen las sanciones a las unidades educativas que incurran en el incumplimiento de esta normativa. Entonces, hay que denunciar como corresponde para que tambi\u00e9n nosotros podamos actuar en su debido momento\u201d, explic\u00f3.<br \/>\nEl Ministerio de Educaci\u00f3n recibir\u00e1 las denuncias y las sanciones van hasta la clausura.<br \/>\n\u201cEn primera instancia los padres de familia pueden hacer la denuncia en las direcciones departamentales. Pero si el caso amerita, nosotros, en el Ministerio de Educaci\u00f3n, recibimos todo tipo de denuncias\u201d, explic\u00f3.<\/p>\n","protected":false},"excerpt":{"rendered":"<p>Los unidades educativas particulares tienen prohibido subir el precio de las pensiones escolares este 2025 y cualquier incumplimiento debe ser denunciado ante las direcciones departamentales y el Ministerio de Educaci\u00f3n, para aplicar las sanciones, inform\u00f3 la viceministra de Educaci\u00f3n Alternativa y Especial, Viviana Mamani. Del 20 al 24 de enero se inscribir\u00e1 a los estudiantes [&hellip;]<\/p>\n","protected":false},"author":1,"featured_media":972,"comment_status":"","ping_status":"open","sticky":false,"template":"","format":"standard","meta":{"pagelayer_contact_templates":[],"_pagelayer_content":"","footnotes":""},"categories":[22],"tags":[],"class_list":{"0":"post-971","1":"post","2":"type-post","3":"status-publish","4":"format-standard","5":"has-post-thumbnail","7":"category-social"},"_links":{"self":[{"href":"https:\/\/jms.com.bo\/mediamonitorbo\/wp-json\/wp\/v2\/posts\/971","targetHints":{"allow":["GET"]}}],"collection":[{"href":"https:\/\/jms.com.bo\/mediamonitorbo\/wp-json\/wp\/v2\/posts"}],"about":[{"href":"https:\/\/jms.com.bo\/mediamonitorbo\/wp-json\/wp\/v2\/types\/post"}],"author":[{"embeddable":true,"href":"https:\/\/jms.com.bo\/mediamonitorbo\/wp-json\/wp\/v2\/users\/1"}],"replies":[{"embeddable":true,"href":"https:\/\/jms.com.bo\/mediamonitorbo\/wp-json\/wp\/v2\/comments?post=971"}],"version-history":[{"count":0,"href":"https:\/\/jms.com.bo\/mediamonitorbo\/wp-json\/wp\/v2\/posts\/971\/revisions"}],"wp:featuredmedia":[{"embeddable":true,"href":"https:\/\/jms.com.bo\/mediamonitorbo\/wp-json\/wp\/v2\/media\/972"}],"wp:attachment":[{"href":"https:\/\/jms.com.bo\/mediamonitorbo\/wp-json\/wp\/v2\/media?parent=971"}],"wp:term":[{"taxonomy":"category","embeddable":true,"href":"https:\/\/jms.com.bo\/mediamonitorbo\/wp-json\/wp\/v2\/categories?post=971"},{"taxonomy":"post_tag","embeddable":true,"href":"https:\/\/jms.com.bo\/mediamonitorbo\/wp-json\/wp\/v2\/tags?post=971"}],"curies":[{"name":"wp","href":"https:\/\/api.w.org\/{rel}","templated":true}]}}