{"id":973,"date":"2025-01-06T06:27:27","date_gmt":"2025-01-06T10:27:27","guid":{"rendered":"https:\/\/jms.com.bo\/mediamonitorbo\/2025\/01\/06\/paros-en-bolivia-provocan-perdidas-economicas-de-us-3-000-millones-en-2024\/"},"modified":"2025-01-06T06:27:27","modified_gmt":"2025-01-06T10:27:27","slug":"paros-en-bolivia-provocan-perdidas-economicas-de-us-3-000-millones-en-2024","status":"publish","type":"post","link":"https:\/\/jms.com.bo\/mediamonitorbo\/2025\/01\/06\/paros-en-bolivia-provocan-perdidas-economicas-de-us-3-000-millones-en-2024\/","title":{"rendered":"Paros en Bolivia provocan p\u00e9rdidas econ\u00f3micas de $us 3.000 millones en 2024"},"content":{"rendered":"<p>Los conflictos sociales y bloqueos prolongados durante el a\u00f1o 2024 generaron p\u00e9rdidas econ\u00f3micas significativas en Bolivia, afectando m\u00faltiples sectores productivos. Seg\u00fan declaraciones del ministro de Econom\u00eda y Finanzas, Marcelo Montenegro, la interrupci\u00f3n de actividades por m\u00e1s de 40 d\u00edas represent\u00f3 un impacto directo de 3.000 millones de d\u00f3lares en el Producto Interno Bruto (PIB) del pa\u00eds, equivalentes a un mes y diez d\u00edas de paralizaci\u00f3n total.<br \/>\nEl titular de la cartera econ\u00f3mica calific\u00f3 la situaci\u00f3n como un \u00abproblema pol\u00edtico\u00bb que repercuti\u00f3 directamente en la estabilidad econ\u00f3mica. \u00abEs imposible mantener una econom\u00eda funcional y en crecimiento con este tipo de interrupciones\u00bb, afirm\u00f3 el ministro.<br \/>\nLas declaraciones de la autoridad se da en un contexto adverso para la econom\u00eda por la creciente inflaci\u00f3n acumulada y una ca\u00edda en las exportaciones nacionales. Esto ha generado cr\u00edticas al Gobierno nacional por parte de especialistas y algunos sectores que aseguran que el Ejecutivo no logra revertir la delicada situaci\u00f3n econ\u00f3mica.<br \/>\n\u201cEsos 3.000 millones de d\u00f3lares reflejan un da\u00f1o profundo en nuestra econom\u00eda, no solo en t\u00e9rminos financieros, sino tambi\u00e9n en la confianza de los inversionistas y en la capacidad productiva del pa\u00eds\u201d, afirm\u00f3.<br \/>\nSectores m\u00e1s afectados<br \/>\nEn declaraciones a Bolivia TV, Montenegro explic\u00f3 que los sectores como el agropecuario, industrial y de construcci\u00f3n fueron los m\u00e1s impactados por los bloqueos y paros, lo que deriv\u00f3 en retrasos en proyectos, disminuci\u00f3n de la productividad y p\u00e9rdidas de empleos temporales. Adem\u00e1s, el sistema financiero enfrent\u00f3 complicaciones adicionales debido a la incertidumbre generada.<br \/>\n\u201cPor ejemplo, en el sector agropecuario, las p\u00e9rdidas alcanzaron los 500 millones de d\u00f3lares debido a la imposibilidad de transportar productos. La producci\u00f3n se qued\u00f3 estancada en los campos, afectando a miles de familias campesinas\u201d, explic\u00f3 el ministro.<br \/>\nEl ministro tambi\u00e9n subray\u00f3 el efecto adverso en el bolsillo de las familias bolivianas, ya que el desabastecimiento de productos b\u00e1sicos y la especulaci\u00f3n de precios durante los conflictos encarecieron el costo de vida. La inflaci\u00f3n cerr\u00f3 el 2024 en 9,9%, una cifra que, aunque controlada, refleja las dificultades ocasionadas por los bloqueos.<br \/>\nDe acuerdo con el Instituto Nacional de Estad\u00edstica (INE), el costo de la canasta b\u00e1sica aument\u00f3 un 15% durante los meses m\u00e1s conflictivos. \u201cEsto no es solo un n\u00famero, es el reflejo de c\u00f3mo los paros afectan la vida diaria de las personas comunes\u201d, puntualiz\u00f3 el funcionario.<br \/>\nMedidas para evitar futuras crisis<br \/>\nDe cara al 2025, el Gobierno ha llamado a la poblaci\u00f3n a no permitir que nuevos paros afecten la econom\u00eda nacional. \u00abEs fundamental evitar que los conflictos pol\u00edticos interfieran nuevamente en la din\u00e1mica econ\u00f3mica. El da\u00f1o causado el a\u00f1o pasado debe servir como lecci\u00f3n para proteger la estabilidad y el desarrollo del pa\u00eds\u00bb, enfatiz\u00f3 Montenegro.<br \/>\nAdem\u00e1s, destac\u00f3 la implementaci\u00f3n de pol\u00edticas econ\u00f3micas, como la exenci\u00f3n de impuestos para bienes de capital y combustibles, con el objetivo de reactivar la productividad y fortalecer sectores clave para la econom\u00eda.<br \/>\nEn un contexto electoral, hizo un llamado a los distintos sectores pol\u00edticos y sociales para priorizar el desarrollo econ\u00f3mico sobre las diferencias ideol\u00f3gicas. \u00abLa econom\u00eda es de todos los bolivianos, y su recuperaci\u00f3n requieren el compromiso de cada ciudadano para garantizar la estabilidad y el crecimiento sostenido\u00bb, concluy\u00f3 el ministro.<\/p>\n","protected":false},"excerpt":{"rendered":"<p>Los conflictos sociales y bloqueos prolongados durante el a\u00f1o 2024 generaron p\u00e9rdidas econ\u00f3micas significativas en Bolivia, afectando m\u00faltiples sectores productivos. Seg\u00fan declaraciones del ministro de Econom\u00eda y Finanzas, Marcelo Montenegro, la interrupci\u00f3n de actividades por m\u00e1s de 40 d\u00edas represent\u00f3 un impacto directo de 3.000 millones de d\u00f3lares en el Producto Interno Bruto (PIB) del [&hellip;]<\/p>\n","protected":false},"author":1,"featured_media":974,"comment_status":"","ping_status":"open","sticky":false,"template":"","format":"standard","meta":{"pagelayer_contact_templates":[],"_pagelayer_content":"","footnotes":""},"categories":[22],"tags":[],"class_list":{"0":"post-973","1":"post","2":"type-post","3":"status-publish","4":"format-standard","5":"has-post-thumbnail","7":"category-social"},"_links":{"self":[{"href":"https:\/\/jms.com.bo\/mediamonitorbo\/wp-json\/wp\/v2\/posts\/973","targetHints":{"allow":["GET"]}}],"collection":[{"href":"https:\/\/jms.com.bo\/mediamonitorbo\/wp-json\/wp\/v2\/posts"}],"about":[{"href":"https:\/\/jms.com.bo\/mediamonitorbo\/wp-json\/wp\/v2\/types\/post"}],"author":[{"embeddable":true,"href":"https:\/\/jms.com.bo\/mediamonitorbo\/wp-json\/wp\/v2\/users\/1"}],"replies":[{"embeddable":true,"href":"https:\/\/jms.com.bo\/mediamonitorbo\/wp-json\/wp\/v2\/comments?post=973"}],"version-history":[{"count":0,"href":"https:\/\/jms.com.bo\/mediamonitorbo\/wp-json\/wp\/v2\/posts\/973\/revisions"}],"wp:featuredmedia":[{"embeddable":true,"href":"https:\/\/jms.com.bo\/mediamonitorbo\/wp-json\/wp\/v2\/media\/974"}],"wp:attachment":[{"href":"https:\/\/jms.com.bo\/mediamonitorbo\/wp-json\/wp\/v2\/media?parent=973"}],"wp:term":[{"taxonomy":"category","embeddable":true,"href":"https:\/\/jms.com.bo\/mediamonitorbo\/wp-json\/wp\/v2\/categories?post=973"},{"taxonomy":"post_tag","embeddable":true,"href":"https:\/\/jms.com.bo\/mediamonitorbo\/wp-json\/wp\/v2\/tags?post=973"}],"curies":[{"name":"wp","href":"https:\/\/api.w.org\/{rel}","templated":true}]}}