{"id":981,"date":"2025-01-03T07:26:30","date_gmt":"2025-01-03T11:26:30","guid":{"rendered":"https:\/\/jms.com.bo\/mediamonitorbo\/2025\/01\/03\/exministro-rios-presidente-de-donde-sacara-el-2026-us-3-800-millones-para-abastecer-de-combustible-a-bolivia\/"},"modified":"2025-01-03T07:26:30","modified_gmt":"2025-01-03T11:26:30","slug":"exministro-rios-presidente-de-donde-sacara-el-2026-us-3-800-millones-para-abastecer-de-combustible-a-bolivia","status":"publish","type":"post","link":"https:\/\/jms.com.bo\/mediamonitorbo\/2025\/01\/03\/exministro-rios-presidente-de-donde-sacara-el-2026-us-3-800-millones-para-abastecer-de-combustible-a-bolivia\/","title":{"rendered":"Exministro R\u00edos: \u00bfPresidente de d\u00f3nde sacar\u00e1 el 2026, $us 3.800 millones para abastecer de combustible a Bolivia?"},"content":{"rendered":"<p>El exministro R\u00edos sostuvo que \u201cel hueco energ\u00e9tico en el que estamos sumidos no se resolver\u00e1 solo. Es crucial que el pr\u00f3ximo gobierno, sin importar su orientaci\u00f3n pol\u00edtica, priorice la seguridad energ\u00e9tica y el desarrollo de pol\u00edticas sostenibles para garantizar el abastecimiento\u201d.<br \/>\nSanta Cruz.- Ante la cr\u00edtica situaci\u00f3n econ\u00f3mica y energ\u00e9tica del pa\u00eds, el exministro de Hidrocarburos, \u00c1lvaro R\u00edos, sostuvo que al presidente electo en los comicios de este a\u00f1o se le debe preguntar de d\u00f3nde conseguir\u00e1 m\u00e1s de 3.800 millones de d\u00f3lares para importar combustibles y de esa forma garantizar el abastecimiento energ\u00e9tico.<br \/>\n\u201cSi yo estuviera entrevistando a cualquiera de los candidatos, de izquierda o derecha, la primera pregunta ser\u00eda: \u00bfse\u00f1or presidente de d\u00f3nde sacar\u00e1 $us 3.800 millones en 2026 para garantizar el abastecimiento de combustibles? Esta es una realidad energ\u00e9tica ineludible\u201d, afirm\u00f3 R\u00edos durante una entrevista reciente.<br \/>\nEl exministro advirti\u00f3 que la falta de divisas necesarias para importar combustibles amenaza con generar un desabastecimiento que podr\u00eda paralizar la econom\u00eda nacional. Seg\u00fan sus c\u00e1lculos, esta cifra podr\u00eda aumentar a $us 5.500 millones para 2030, dependiendo de los precios internacionales del petr\u00f3leo.<br \/>\n\u201cComo dice un adagio. La energ\u00eda m\u00e1s cara es aquella que no se tiene. Si no aseguramos las importaciones, nuestra econom\u00eda sufrir\u00e1 da\u00f1os irreparables\u201d, subray\u00f3 R\u00edos a tiempo de instar a los candidatos a la presidencia a considerar este desaf\u00edo como una prioridad fundamental en sus planes de gobierno.<br \/>\nR\u00edos explic\u00f3 que la crisis actual es el resultado de pol\u00edticas fallidas de exploraci\u00f3n y reposici\u00f3n de reservas energ\u00e9ticas, que han dejado al pa\u00eds en una posici\u00f3n vulnerable. \u201cNo hemos explorado a tiempo ni repuesto las reservas. Todos, incluido el presidente, han reconocido esta realidad. Bolivia necesita un plan de exploraci\u00f3n s\u00f3lido\u201d, a\u00f1adi\u00f3.<br \/>\nEl exministro tambi\u00e9n destac\u00f3 que el d\u00e9ficit en la producci\u00f3n nacional de hidrocarburos ha obligado al pa\u00eds a depender cada vez m\u00e1s de las importaciones. \u201cHoy importamos lo que antes produc\u00edamos. Esto no solo afecta nuestras finanzas, sino que tambi\u00e9n expone la fragilidad de nuestro sistema energ\u00e9tico\u201d, dijo.<br \/>\nAgreg\u00f3 que \u201cel hueco energ\u00e9tico en el que estamos sumidos no se resolver\u00e1 solo. Es crucial que el pr\u00f3ximo gobierno, sin importar su orientaci\u00f3n pol\u00edtica, priorice la seguridad energ\u00e9tica y el desarrollo de pol\u00edticas sostenibles para garantizar el abastecimiento\u201d.<\/p>\n","protected":false},"excerpt":{"rendered":"<p>El exministro R\u00edos sostuvo que \u201cel hueco energ\u00e9tico en el que estamos sumidos no se resolver\u00e1 solo. Es crucial que el pr\u00f3ximo gobierno, sin importar su orientaci\u00f3n pol\u00edtica, priorice la seguridad energ\u00e9tica y el desarrollo de pol\u00edticas sostenibles para garantizar el abastecimiento\u201d. Santa Cruz.- Ante la cr\u00edtica situaci\u00f3n econ\u00f3mica y energ\u00e9tica del pa\u00eds, el exministro [&hellip;]<\/p>\n","protected":false},"author":1,"featured_media":982,"comment_status":"","ping_status":"open","sticky":false,"template":"","format":"standard","meta":{"pagelayer_contact_templates":[],"_pagelayer_content":"","footnotes":""},"categories":[23,17],"tags":[],"class_list":{"0":"post-981","1":"post","2":"type-post","3":"status-publish","4":"format-standard","5":"has-post-thumbnail","7":"category-bolivia","8":"category-oil-gas"},"_links":{"self":[{"href":"https:\/\/jms.com.bo\/mediamonitorbo\/wp-json\/wp\/v2\/posts\/981","targetHints":{"allow":["GET"]}}],"collection":[{"href":"https:\/\/jms.com.bo\/mediamonitorbo\/wp-json\/wp\/v2\/posts"}],"about":[{"href":"https:\/\/jms.com.bo\/mediamonitorbo\/wp-json\/wp\/v2\/types\/post"}],"author":[{"embeddable":true,"href":"https:\/\/jms.com.bo\/mediamonitorbo\/wp-json\/wp\/v2\/users\/1"}],"replies":[{"embeddable":true,"href":"https:\/\/jms.com.bo\/mediamonitorbo\/wp-json\/wp\/v2\/comments?post=981"}],"version-history":[{"count":0,"href":"https:\/\/jms.com.bo\/mediamonitorbo\/wp-json\/wp\/v2\/posts\/981\/revisions"}],"wp:featuredmedia":[{"embeddable":true,"href":"https:\/\/jms.com.bo\/mediamonitorbo\/wp-json\/wp\/v2\/media\/982"}],"wp:attachment":[{"href":"https:\/\/jms.com.bo\/mediamonitorbo\/wp-json\/wp\/v2\/media?parent=981"}],"wp:term":[{"taxonomy":"category","embeddable":true,"href":"https:\/\/jms.com.bo\/mediamonitorbo\/wp-json\/wp\/v2\/categories?post=981"},{"taxonomy":"post_tag","embeddable":true,"href":"https:\/\/jms.com.bo\/mediamonitorbo\/wp-json\/wp\/v2\/tags?post=981"}],"curies":[{"name":"wp","href":"https:\/\/api.w.org\/{rel}","templated":true}]}}