{"id":985,"date":"2025-01-03T07:19:25","date_gmt":"2025-01-03T11:19:25","guid":{"rendered":"https:\/\/jms.com.bo\/mediamonitorbo\/2025\/01\/03\/energia-nuclear-eolica-marina-y-baterias-tomaran-protagonismo-en-2025-segun-olade\/"},"modified":"2025-01-03T07:19:25","modified_gmt":"2025-01-03T11:19:25","slug":"energia-nuclear-eolica-marina-y-baterias-tomaran-protagonismo-en-2025-segun-olade","status":"publish","type":"post","link":"https:\/\/jms.com.bo\/mediamonitorbo\/2025\/01\/03\/energia-nuclear-eolica-marina-y-baterias-tomaran-protagonismo-en-2025-segun-olade\/","title":{"rendered":"Energ\u00eda nuclear, e\u00f3lica marina y bater\u00edas tomar\u00e1n protagonismo en 2025, seg\u00fan OLADE"},"content":{"rendered":"<p>La generaci\u00f3n de energ\u00eda e\u00f3lica marina, la energ\u00eda nuclear y el almacenamiento por medio de bater\u00edas ser\u00e1n tres de los temas que tomar\u00e1n mayor protagonismo a partir de este a\u00f1o, seg\u00fan afirm\u00f3 el secretario ejecutivo de la Organizaci\u00f3n Latinoamericana de Energ\u00eda (OLADE), Andr\u00e9s Rebolledo, durante la presentaci\u00f3n de su informe sobre el Panorama Energ\u00e9tico de 2024 para la regi\u00f3n.<br \/>\nTambi\u00e9n tomar\u00e1 mayor relevancia la infraestructura y legislaci\u00f3n para la transmisi\u00f3n de energ\u00eda entre los pa\u00edses, dadas las crisis de suministro que se presentaron en pa\u00edses como Ecuador, que necesit\u00f3 de la generaci\u00f3n de sus pa\u00edses vecinos para suplir su demanda.<br \/>\n\u201cAm\u00e9rica Latina seguir\u00e1 siendo la regi\u00f3n l\u00edder en la incorporaci\u00f3n de energ\u00edas limpias\u201d, afirm\u00f3 Rebolledo.<br \/>\nSobre la generaci\u00f3n e\u00f3lica marina, el experto cree que a partir de este a\u00f1o ser\u00e1 de mayor discusi\u00f3n y de inclusi\u00f3n de las pol\u00edticas p\u00fablicas no solo la etapa de estudios, sino tambi\u00e9n en la incorporaci\u00f3n de la matriz energ\u00e9tica. Colombia y Brasil ser\u00e1n algunos de los pa\u00edses en los que este tema pueda avanzar r\u00e1pidamente.<br \/>\nEn El Salvador, el director general de Energ\u00eda, Hidrocarburos y Minas, Daniel \u00c1lvarez, afirm\u00f3 en 2023 que se estaban haciendo estudios para determinar la posibilidad de energ\u00eda e\u00f3lica marina en la costa salvadore\u00f1a.<br \/>\nTambi\u00e9n avanza r\u00e1pidamente la discusi\u00f3n sobre la energ\u00eda nuclear. Hasta ahora solo Argentina, Brasil y M\u00e9xico tienen esta fuente de energ\u00eda, pero desde hace varios meses la alternativa ha comenzado a tomar protagonismo en la regi\u00f3n.<br \/>\nEl Salvador tambi\u00e9n ha mostrado su anuencia a incorporarla a la matriz en un lapso de siete a\u00f1os.<br \/>\nSeg\u00fan \u00c1lvarez, el primer reactor modular nuclear podr\u00eda generar hasta 100 megavatios de energ\u00eda (MW).<br \/>\nPara Rebolledo, el debate sobre esta energ\u00eda ir\u00e1 incrementando en la regi\u00f3n.<br \/>\nEl representante de la OLADE afirma que Am\u00e9rica Latina se ha caracterizado por ser la regi\u00f3n m\u00e1s verde, es decir, la que m\u00e1s impulsa alternativas de generaci\u00f3n energ\u00e9tica sostenible, y no duda de que esto continuar\u00e1 este a\u00f1o.<br \/>\n\u201cPodemos indicar que nuestra regi\u00f3n sigue ejerciendo un liderazgo en materia de transformaci\u00f3n de su sector energ\u00e9tico hacia un modelo m\u00e1s sostenible en incorporar crecientemente e ininterrumpidamente energ\u00eda renovable en nuestras matrices energ\u00e9ticas\u201d, afirm\u00f3.<br \/>\nDe acuerdo con las estad\u00edsticas de la OLADE, el 60% de la energ\u00eda que genera la regi\u00f3n proviene de fuentes renovables, a trav\u00e9s de diferentes alternativas: e\u00f3lico, biomasa, geotermia, solar, h\u00eddrica, etc., recursos que tambi\u00e9n permiten una menor dependencia de los combustibles f\u00f3siles y por lo tanto, un mejor precio en la tarifa el\u00e9ctrica para los consumidores finales.<br \/>\nAl cierre de 2024, se espera que el 79% de la nueva capacidad de 2024 sea energ\u00eda renovable y que para 2050, el 85% de la electricidad provenga de fuentes limpias.<br \/>\nLa meta para 2050 es generar 1,500 gigavatios (GW) adicionales de capacidad instalada renovable para alcanzar el 82% en la regi\u00f3n.<br \/>\nEl almacenamiento de la energ\u00eda, a trav\u00e9s de bater\u00edas, cuyo costo ha disminuido en los \u00faltimos a\u00f1os tambi\u00e9n ser\u00e1 una opci\u00f3n viable para tener suficiente energ\u00eda y venderla si hay un excedente. En El Salvador las empresas Neoen y AES han incursionado en esta tecnolog\u00eda.<br \/>\nTransmisi\u00f3n<br \/>\nOtro debate central entre los pa\u00edses de la regi\u00f3n es la transmisi\u00f3n de energ\u00eda, misma que ya se hace entre algunos pa\u00edses, pero que representa un reto en el establecimiento de regulaciones.<br \/>\nEn Centroam\u00e9rica funciona el Sistema de Interconexi\u00f3n El\u00e9ctrica de los Pa\u00edses de Centroam\u00e9rica (SIEPAC), que ha permitido a los pa\u00edses miembros vender sus excedentes de energ\u00eda o comprarla cuando se necesite.<br \/>\nEl Salvador y Guatemala son los pa\u00edses que m\u00e1s han aprovechado este mercado, en el que han logrado comprar y vender su energ\u00eda a un precio m\u00e1s competitivo.<br \/>\nEsto ha permitido que en \u00e9poca de sequ\u00eda, los pa\u00edses hayan tenido suficiente recursos para abastecer la demanda.<br \/>\nEste mismo tema ser\u00e1 punto de debate en otros pa\u00edses que tuvieron problemas con sus recursos energ\u00e9ticos, como fue el caso de Ecuador, que sufri\u00f3 apagones durante la \u00e9poca seca, debido a una disminuci\u00f3n de la generaci\u00f3n h\u00eddrica.<br \/>\n\u201cHay pa\u00edses que requieren de esta infraestructura. La transmisi\u00f3n es un aspecto muy principal, que sin duda estar\u00e1 muy presentes en el pr\u00f3ximo a\u00f1o y para el futuro\u201d, afirm\u00f3 Rebolledo, durante su ponencia, realizada de manera virtual.<\/p>\n","protected":false},"excerpt":{"rendered":"<p>La generaci\u00f3n de energ\u00eda e\u00f3lica marina, la energ\u00eda nuclear y el almacenamiento por medio de bater\u00edas ser\u00e1n tres de los temas que tomar\u00e1n mayor protagonismo a partir de este a\u00f1o, seg\u00fan afirm\u00f3 el secretario ejecutivo de la Organizaci\u00f3n Latinoamericana de Energ\u00eda (OLADE), Andr\u00e9s Rebolledo, durante la presentaci\u00f3n de su informe sobre el Panorama Energ\u00e9tico de [&hellip;]<\/p>\n","protected":false},"author":1,"featured_media":986,"comment_status":"","ping_status":"open","sticky":false,"template":"","format":"standard","meta":{"pagelayer_contact_templates":[],"_pagelayer_content":"","footnotes":""},"categories":[18,28,24],"tags":[],"class_list":{"0":"post-985","1":"post","2":"type-post","3":"status-publish","4":"format-standard","5":"has-post-thumbnail","7":"category-energia","8":"category-portada-energia","9":"category-portada-general-sitio"},"_links":{"self":[{"href":"https:\/\/jms.com.bo\/mediamonitorbo\/wp-json\/wp\/v2\/posts\/985","targetHints":{"allow":["GET"]}}],"collection":[{"href":"https:\/\/jms.com.bo\/mediamonitorbo\/wp-json\/wp\/v2\/posts"}],"about":[{"href":"https:\/\/jms.com.bo\/mediamonitorbo\/wp-json\/wp\/v2\/types\/post"}],"author":[{"embeddable":true,"href":"https:\/\/jms.com.bo\/mediamonitorbo\/wp-json\/wp\/v2\/users\/1"}],"replies":[{"embeddable":true,"href":"https:\/\/jms.com.bo\/mediamonitorbo\/wp-json\/wp\/v2\/comments?post=985"}],"version-history":[{"count":0,"href":"https:\/\/jms.com.bo\/mediamonitorbo\/wp-json\/wp\/v2\/posts\/985\/revisions"}],"wp:featuredmedia":[{"embeddable":true,"href":"https:\/\/jms.com.bo\/mediamonitorbo\/wp-json\/wp\/v2\/media\/986"}],"wp:attachment":[{"href":"https:\/\/jms.com.bo\/mediamonitorbo\/wp-json\/wp\/v2\/media?parent=985"}],"wp:term":[{"taxonomy":"category","embeddable":true,"href":"https:\/\/jms.com.bo\/mediamonitorbo\/wp-json\/wp\/v2\/categories?post=985"},{"taxonomy":"post_tag","embeddable":true,"href":"https:\/\/jms.com.bo\/mediamonitorbo\/wp-json\/wp\/v2\/tags?post=985"}],"curies":[{"name":"wp","href":"https:\/\/api.w.org\/{rel}","templated":true}]}}