{"id":995,"date":"2025-01-03T07:00:14","date_gmt":"2025-01-03T11:00:14","guid":{"rendered":"https:\/\/jms.com.bo\/mediamonitorbo\/2025\/01\/03\/la-cao-rechaza-disposicion-sobre-confiscacion-y-dice-que-generara-mas-especulacion\/"},"modified":"2025-01-03T07:00:14","modified_gmt":"2025-01-03T11:00:14","slug":"la-cao-rechaza-disposicion-sobre-confiscacion-y-dice-que-generara-mas-especulacion","status":"publish","type":"post","link":"https:\/\/jms.com.bo\/mediamonitorbo\/2025\/01\/03\/la-cao-rechaza-disposicion-sobre-confiscacion-y-dice-que-generara-mas-especulacion\/","title":{"rendered":"La CAO rechaza disposici\u00f3n sobre confiscaci\u00f3n y dice que generar\u00e1 m\u00e1s \u2018especulaci\u00f3n\u2019"},"content":{"rendered":"<p>Con el Presupuesto General del Estado (PGE) 2025 ya vigente, la C\u00e1mara Agropecuaria del Oriente (CAO) manifest\u00f3 este jueves su rechazo a la disposici\u00f3n s\u00e9ptima sobre confiscaciones y asegur\u00f3 que generar\u00e1 m\u00e1s \u201cespeculaci\u00f3n\u201d en el pa\u00eds.<br \/>\nLa disposici\u00f3n establece que las entidades competentes podr\u00e1n activar acciones de control, fiscalizaci\u00f3n, confiscaci\u00f3n y\/o decomiso de productos, a los actores de comercializaci\u00f3n de alimentos, que almacenen o retengan y\/o pretendan encarecer los precios de los mismos.<br \/>\nY se\u00f1ala que todo actor de la cadena productiva de alimentos esenciales, debe declarar, informaci\u00f3n de producci\u00f3n, transformaci\u00f3n y comercializaci\u00f3n, conforme a la reglamentaci\u00f3n aprobada por Resoluci\u00f3n Biministerial emitida por los ministerios de Desarrollo Rural y Tierras y de Desarrollo Productivo y Econom\u00eda Plural.<br \/>\nCAO<br \/>\n\u201cNos mantenemos firmes con la cl\u00e1usula s\u00e9ptima que interfiere en el proceso arm\u00f3nico de la producci\u00f3n. No pueden estar fiscalizando propiedades o interviniendo la propiedad privada; que es un ente que nos faculta y que tenemos derecho de propiedad\u201d, afirm\u00f3 Jos\u00e9 Luis Farah, presidente de la CAO.<br \/>\nPara Farah esa norma atenta contra el sector productivo y privado, pues da v\u00eda libre para la intervenci\u00f3n; lo que genera m\u00e1s incertidumbre y generar\u00e1 m\u00e1s especulaci\u00f3n en los mercados.<br \/>\n\u201cEsto lo que genera es m\u00e1s bien la especulaci\u00f3n, lo que genera es incertidumbre y no da una tranquilidad; que es lo que necesita el productor y el boliviano en tratar de ver c\u00f3mo reacondiciona su trabajo, c\u00f3mo reactiva su producci\u00f3n\u201d.<br \/>\nFarah dijo que ya existe una ley que sanciona el agio y la especulaci\u00f3n y el Gobierno debe fiscalizar y trabajar esas leyes en beneficio de los productores bolivianos.<br \/>\nEl PGE 2025 fue puesto en vigencia mediante una ley sin haber sido analizado por la Asamblea Legislativa. Solo la Comisi\u00f3n de Planificaci\u00f3n de la C\u00e1mara de Diputados lleg\u00f3 a revisar el proyecto; y justamente elimin\u00f3 la disposici\u00f3n s\u00e9ptima pues ya hab\u00eda generado protestas en varios sectores.<br \/>\nSin embargo, el Gobierno puso en vigencia el documento sin realizar modificaciones, por lo que la disposici\u00f3n s\u00e9ptima qued\u00f3 validada.<\/p>\n","protected":false},"excerpt":{"rendered":"<p>Con el Presupuesto General del Estado (PGE) 2025 ya vigente, la C\u00e1mara Agropecuaria del Oriente (CAO) manifest\u00f3 este jueves su rechazo a la disposici\u00f3n s\u00e9ptima sobre confiscaciones y asegur\u00f3 que generar\u00e1 m\u00e1s \u201cespeculaci\u00f3n\u201d en el pa\u00eds. La disposici\u00f3n establece que las entidades competentes podr\u00e1n activar acciones de control, fiscalizaci\u00f3n, confiscaci\u00f3n y\/o decomiso de productos, a [&hellip;]<\/p>\n","protected":false},"author":1,"featured_media":996,"comment_status":"","ping_status":"open","sticky":false,"template":"","format":"standard","meta":{"pagelayer_contact_templates":[],"_pagelayer_content":"","footnotes":""},"categories":[19],"tags":[],"class_list":{"0":"post-995","1":"post","2":"type-post","3":"status-publish","4":"format-standard","5":"has-post-thumbnail","7":"category-economia"},"_links":{"self":[{"href":"https:\/\/jms.com.bo\/mediamonitorbo\/wp-json\/wp\/v2\/posts\/995","targetHints":{"allow":["GET"]}}],"collection":[{"href":"https:\/\/jms.com.bo\/mediamonitorbo\/wp-json\/wp\/v2\/posts"}],"about":[{"href":"https:\/\/jms.com.bo\/mediamonitorbo\/wp-json\/wp\/v2\/types\/post"}],"author":[{"embeddable":true,"href":"https:\/\/jms.com.bo\/mediamonitorbo\/wp-json\/wp\/v2\/users\/1"}],"replies":[{"embeddable":true,"href":"https:\/\/jms.com.bo\/mediamonitorbo\/wp-json\/wp\/v2\/comments?post=995"}],"version-history":[{"count":0,"href":"https:\/\/jms.com.bo\/mediamonitorbo\/wp-json\/wp\/v2\/posts\/995\/revisions"}],"wp:featuredmedia":[{"embeddable":true,"href":"https:\/\/jms.com.bo\/mediamonitorbo\/wp-json\/wp\/v2\/media\/996"}],"wp:attachment":[{"href":"https:\/\/jms.com.bo\/mediamonitorbo\/wp-json\/wp\/v2\/media?parent=995"}],"wp:term":[{"taxonomy":"category","embeddable":true,"href":"https:\/\/jms.com.bo\/mediamonitorbo\/wp-json\/wp\/v2\/categories?post=995"},{"taxonomy":"post_tag","embeddable":true,"href":"https:\/\/jms.com.bo\/mediamonitorbo\/wp-json\/wp\/v2\/tags?post=995"}],"curies":[{"name":"wp","href":"https:\/\/api.w.org\/{rel}","templated":true}]}}