{"id":999,"date":"2025-01-03T06:57:46","date_gmt":"2025-01-03T10:57:46","guid":{"rendered":"https:\/\/jms.com.bo\/mediamonitorbo\/2025\/01\/03\/arce-posesiona-a-las-nuevas-autoridades-del-tsj-tcp-ta-y-consejo-de-la-magistratura\/"},"modified":"2025-01-03T06:57:46","modified_gmt":"2025-01-03T10:57:46","slug":"arce-posesiona-a-las-nuevas-autoridades-del-tsj-tcp-ta-y-consejo-de-la-magistratura","status":"publish","type":"post","link":"https:\/\/jms.com.bo\/mediamonitorbo\/2025\/01\/03\/arce-posesiona-a-las-nuevas-autoridades-del-tsj-tcp-ta-y-consejo-de-la-magistratura\/","title":{"rendered":"Arce posesiona a las nuevas autoridades del TSJ, TCP, TA y Consejo de la Magistratura"},"content":{"rendered":"<p>El presidente Luis Arce posesion\u00f3 este jueves a las nuevas autoridades del Tribunal Supremo de Justicia (TSJ), Tribunal Constitucional Plurinacional (TCP), Tribunal Agroambiental (TA) y el Consejo de la Magistratura en un acto en la Casa Grande del Pueblo.<br \/>\nLas 19 nuevas autoridades titulares y sus 19 suplentes juraron a sus cargos en el auditorio principal de la sede del Gobierno y no en Sucre, como suced\u00eda tradicionalmente.<br \/>\n\u201cDe esta manera, damos paso a la renovaci\u00f3n de los actores e la justicia boliviana, producto de la voluntad popular\u201d, dijo el mandatario tras juramentar a las nuevas autoridades del \u00d3rgano Judicial.<br \/>\nArce, en su discurso, calific\u00f3 las elecciones judiciales parciales del pasado 15 de diciembre como \u201chist\u00f3ricas\u201d, no solo por la \u201cparticipaci\u00f3n activa de la poblaci\u00f3n, sino por los 6.029.704 de votos emitidos, con un 64,29% de votos v\u00e1lidos, ambos los m\u00e1s altos de la historia de nuestro pa\u00eds\u201d.<br \/>\nTambi\u00e9n se\u00f1al\u00f3 que el proceso de preselecci\u00f3n de candidatos fue \u201ccomplicado\u201d por las 72 acciones constitucionales que \u201cbuscaron parar el proceso electoral, demostrando intereses muy claros para no se lleven adelante las mismas\u201d.<br \/>\nPese a ello, la participaci\u00f3n de la gente les \u201cconcedi\u00f3 la m\u00e1s alta legitimidad\u201d, destac\u00f3 Arce.<br \/>\nAgreg\u00f3 que estas \u201crepresentan la voluntad soberana\u201d del pueblo y que se trata de \u201cprofesionales independientes, de alta solvencia academia y verdadero esp\u00edritu de servicio\u201d.<br \/>\nEn esa l\u00ednea, se\u00f1al\u00f3 que \u201cesperamos y confiamos\u201d en que estar\u00e1n \u201ccomprometidos con la transparencia de la justicia boliviana\u201d, considerando que \u201choy hay muchos temas que resolver\u201d.<br \/>\n\u201cExhortamos a las nuevas autoridades a ejercer sus nuevas funciones con imparcialidad, con \u00e9tica, con moral y pleno apego a las leyes y a la Constituci\u00f3n\u201d, finaliz\u00f3, y afirm\u00f3 que el Gobierno coadyuvar\u00e1 a la consecuci\u00f3n de los retos de la justicia.<br \/>\nEl vicepresidente David Choquehuanca, por su parte, se\u00f1al\u00f3 que \u201cla justicia sigue agonizando\u201d y que seguimos con un sistema de elecci\u00f3n que \u201cojal\u00e1 esta vez funcione\u201d.<br \/>\n\u201cEl pueblo est\u00e1 cansado del sistema judicial mercantilizado y corrupto\u201d, afirm\u00f3.<\/p>\n","protected":false},"excerpt":{"rendered":"<p>El presidente Luis Arce posesion\u00f3 este jueves a las nuevas autoridades del Tribunal Supremo de Justicia (TSJ), Tribunal Constitucional Plurinacional (TCP), Tribunal Agroambiental (TA) y el Consejo de la Magistratura en un acto en la Casa Grande del Pueblo. Las 19 nuevas autoridades titulares y sus 19 suplentes juraron a sus cargos en el auditorio [&hellip;]<\/p>\n","protected":false},"author":1,"featured_media":1000,"comment_status":"","ping_status":"open","sticky":false,"template":"","format":"standard","meta":{"pagelayer_contact_templates":[],"_pagelayer_content":"","footnotes":""},"categories":[20,24,30],"tags":[],"class_list":{"0":"post-999","1":"post","2":"type-post","3":"status-publish","4":"format-standard","5":"has-post-thumbnail","7":"category-politica","8":"category-portada-general-sitio","9":"category-portada-politica"},"_links":{"self":[{"href":"https:\/\/jms.com.bo\/mediamonitorbo\/wp-json\/wp\/v2\/posts\/999","targetHints":{"allow":["GET"]}}],"collection":[{"href":"https:\/\/jms.com.bo\/mediamonitorbo\/wp-json\/wp\/v2\/posts"}],"about":[{"href":"https:\/\/jms.com.bo\/mediamonitorbo\/wp-json\/wp\/v2\/types\/post"}],"author":[{"embeddable":true,"href":"https:\/\/jms.com.bo\/mediamonitorbo\/wp-json\/wp\/v2\/users\/1"}],"replies":[{"embeddable":true,"href":"https:\/\/jms.com.bo\/mediamonitorbo\/wp-json\/wp\/v2\/comments?post=999"}],"version-history":[{"count":0,"href":"https:\/\/jms.com.bo\/mediamonitorbo\/wp-json\/wp\/v2\/posts\/999\/revisions"}],"wp:featuredmedia":[{"embeddable":true,"href":"https:\/\/jms.com.bo\/mediamonitorbo\/wp-json\/wp\/v2\/media\/1000"}],"wp:attachment":[{"href":"https:\/\/jms.com.bo\/mediamonitorbo\/wp-json\/wp\/v2\/media?parent=999"}],"wp:term":[{"taxonomy":"category","embeddable":true,"href":"https:\/\/jms.com.bo\/mediamonitorbo\/wp-json\/wp\/v2\/categories?post=999"},{"taxonomy":"post_tag","embeddable":true,"href":"https:\/\/jms.com.bo\/mediamonitorbo\/wp-json\/wp\/v2\/tags?post=999"}],"curies":[{"name":"wp","href":"https:\/\/api.w.org\/{rel}","templated":true}]}}